{"id":1916,"date":"2025-04-25T11:56:54","date_gmt":"2025-04-25T11:56:54","guid":{"rendered":"https:\/\/dijikartvizit.com.tr\/ctetest\/?p=1916"},"modified":"2025-04-25T11:56:56","modified_gmt":"2025-04-25T11:56:56","slug":"8-mart-dunya-kadinlar-gunu-acik-gorusu-duyurusu","status":"publish","type":"post","link":"https:\/\/dijikartvizit.com.tr\/ctetest\/8-mart-dunya-kadinlar-gunu-acik-gorusu-duyurusu\/","title":{"rendered":"8 Mart D\u00fcnya Kad\u0131nlar G\u00fcn\u00fc A\u00e7\u0131k G\u00f6r\u00fc\u015f\u00fc Duyurusu"},"content":{"rendered":"\n<p class=\"wp-block-paragraph\">H\u00fck\u00fcml\u00fc ve Tutuklular\u0131n Ziyaret Edilmeleri Hakk\u0131nda Y\u00f6netmelik&#8217;in \u0130kinci B\u00f6l\u00fcm \u201cBayramlarda ve \u00d6zel G\u00fcnlerde A\u00e7\u0131k G\u00f6r\u00fc\u015f\u201d alt ba\u015fl\u0131kl\u0131 15. maddesi gere\u011fince, Adalet Bakan\u0131 Say\u0131n Y\u0131lmaz Tun\u00e7&#8217;un olurlar\u0131yla, kapal\u0131 ceza infaz kurumlar\u0131nda bulunan kad\u0131n h\u00fck\u00fcml\u00fc ve tutuklulara 8 Mart D\u00fcnya Kad\u0131nlar G\u00fcn\u00fc m\u00fcnasebetiyle a\u015fa\u011f\u0131daki esaslar \u00e7er\u00e7evesinde ve belirtilen g\u00fcnde a\u00e7\u0131k g\u00f6r\u00fc\u015f yapt\u0131r\u0131lacakt\u0131r.<\/p>\n\n\n\n<p class=\"wp-block-paragraph\"><strong>A- A\u00c7IK G\u00d6R\u00dc\u015eTEN YARARLANACAK OLANLAR<\/strong><\/p>\n\n\n\n<p class=\"wp-block-paragraph\">Kapal\u0131 ceza infaz kurumlar\u0131nda bar\u0131nd\u0131r\u0131lan&nbsp;<strong>kad\u0131n h\u00fck\u00fcml\u00fc ve tutuklulara D\u00fcnya Kad\u0131nlar G\u00fcn\u00fc&nbsp;<\/strong>m\u00fcnasebetiyle a\u015fa\u011f\u0131daki esaslar \u00e7er\u00e7evesinde a\u00e7\u0131k g\u00f6r\u00fc\u015f yapt\u0131r\u0131lacakt\u0131r.<\/p>\n\n\n\n<p class=\"wp-block-paragraph\"><strong>B- A\u00c7IK G\u00d6R\u00dc\u015eTEN YARARLANAMAYACAK OLANLAR<\/strong><\/p>\n\n\n\n<p class=\"wp-block-paragraph\">Ziyaret\u00e7i kabul\u00fcnden yoksun b\u0131rakma ve h\u00fccreye koyma disiplin cezas\u0131 kesinle\u015fmi\u015f olup, bu cezalar\u0131 infaz edilmekte olan h\u00fck\u00fcml\u00fc ve tutuklular a\u00e7\u0131k g\u00f6r\u00fc\u015ften yararland\u0131r\u0131lmayacakt\u0131r.<\/p>\n\n\n\n<p class=\"wp-block-paragraph\"><strong>C- A\u00c7IK G\u00d6R\u00dc\u015e S\u00dcRELER\u0130<\/strong><\/p>\n\n\n\n<p class=\"wp-block-paragraph\">A\u00e7\u0131k g\u00f6r\u00fc\u015fler&nbsp;<strong>10-11-12-13-14 Mart 2025&nbsp;<\/strong>tarihleri aras\u0131nda kad\u0131n h\u00fck\u00fcml\u00fc ve tutuklular faydaland\u0131r\u0131lmak \u00fczere;<\/p>\n\n\n\n<p class=\"wp-block-paragraph\">Say\u0131lar\u0131 ve konumlar\u0131 de\u011ferlendirilmek suretiyle, adl\u00ee su\u00e7lardan h\u00fck\u00fcml\u00fc ve tutuklular ile \u00f6rg\u00fctl\u00fc su\u00e7lardan h\u00fck\u00fcml\u00fc ve tutuklular i\u00e7in ayr\u0131 gruplar olu\u015fturulup, her grubun g\u00f6r\u00fc\u015f saatleri Cumhuriyet ba\u015fsavc\u0131l\u0131klar\u0131 ile kurum idareleri taraf\u0131ndan tespit edilecektir.<\/p>\n\n\n\n<p class=\"wp-block-paragraph\">Bu gruplar\u0131n, ayn\u0131 zamanda ve ayn\u0131 g\u00f6r\u00fc\u015f mahallinde birlikte bulundurulmamas\u0131 sa\u011flanacakt\u0131r.<\/p>\n\n\n\n<p class=\"wp-block-paragraph\"><strong>D- D\u0130\u011eER H\u00dcK\u00dcMLER<\/strong><\/p>\n\n\n\n<p class=\"wp-block-paragraph\">1. H\u00fck\u00fcml\u00fc ve tutuklular an\u0131lan Y\u00f6netmelik&#8217;in 9 uncu maddesinin birinci ve ikinci f\u0131kralar\u0131nda belirtilen ki\u015filer ile a\u00e7\u0131k g\u00f6r\u00fc\u015f yapabilir. Ancak; a\u011f\u0131rla\u015ft\u0131r\u0131lm\u0131\u015f m\u00fcebbet hapis cezas\u0131na mahk\u00fbm olanlar bu madde kapsam\u0131nda anne, baba, e\u015f, \u00e7ocuk, torun, b\u00fcy\u00fckanne, b\u00fcy\u00fckbaba ve karde\u015fleriyle g\u00f6r\u00fc\u015ft\u00fcr\u00fcleceklerdir. H\u00fck\u00fcml\u00fc ve tutuklular ile g\u00f6r\u00fc\u015fmek isteyen ki\u015filerin, akrabal\u0131k durumlar\u0131n\u0131 n\u00fcfus idarelerinden veya ilgili konsolosluklardan verilen resm\u00ee belgeler ile ispatlamalar\u0131 gereklidir.<\/p>\n\n\n\n<p class=\"wp-block-paragraph\">2. H\u00fck\u00fcml\u00fc ve tutuklu say\u0131s\u0131n\u0131n, verilen a\u00e7\u0131k g\u00f6r\u00fc\u015f saatlerine b\u00f6l\u00fcnmesi suretiyle g\u00f6r\u00fc\u015f g\u00fcn\u00fcne kadar gruplar olu\u015fturulacakt\u0131r. Her grubun saatleri, yak\u0131nlar\u0131na bildirilmek \u00fczere h\u00fck\u00fcml\u00fc ve tutuklulara tebli\u011f edilecek; haz\u0131rlanan program, ayr\u0131ca ko\u011fu\u015flara ve ziyaret\u00e7ilerin g\u00f6rebilece\u011fi uygun yerlere as\u0131lmak suretiyle her ziyaret\u00e7inin, ziyaret g\u00fcn\u00fcnde ve saatinde ceza infaz kurumuna gelmesi sa\u011flanarak, izdiham \u00f6nlenecektir.<\/p>\n\n\n\n<p class=\"wp-block-paragraph\">3. Her grubun a\u00e7\u0131k g\u00f6r\u00fc\u015f\u00fc bittikten sonra g\u00f6r\u00fc\u015f yerinde bulunan h\u00fck\u00fcml\u00fc ve tutuklular, g\u00f6revliler nezaretinde dikkatli bir \u015fekilde arand\u0131ktan sonra ko\u011fu\u015f ve odalar\u0131na g\u00f6t\u00fcr\u00fclerek burada say\u0131lacak; kimlikleri foto\u011frafl\u0131 belgelerle kontrol edildikten ve grup mevcudunun tam oldu\u011funun anla\u015f\u0131lmas\u0131ndan sonra, ziyaret\u00e7ilerin kurum d\u0131\u015f\u0131na \u00e7\u0131kmas\u0131na izin verilecektir.<\/p>\n\n\n\n<p class=\"wp-block-paragraph\">4.\u0130zdiham\u0131, firar ve kar\u0131\u015f\u0131kl\u0131klar\u0131 \u00f6nlemek, disiplin ve d\u00fczeni sa\u011flamak i\u00e7in Cumhuriyet ba\u015fsavc\u0131l\u0131\u011f\u0131 ve kurum y\u00f6netimi, zab\u0131ta ile i\u015fbirli\u011fi yaparak gerekli her t\u00fcrl\u00fc \u00f6nlemi alacak; g\u00f6r\u00fc\u015f mahallinde yeteri kadar d\u0131\u015f g\u00fcvenlik g\u00f6revlisi g\u00f6zlemci olarak bulundurulacakt\u0131r.<\/p>\n\n\n\n<p class=\"wp-block-paragraph\">5. A\u00e7\u0131k g\u00f6r\u00fc\u015fler ceza infaz kurumunun oda ve eklentileri d\u0131\u015f\u0131nda, bu i\u015f i\u00e7in ayr\u0131lm\u0131\u015f \u00f6zel b\u00f6l\u00fcm\u00fcnde, bulunmad\u0131\u011f\u0131 takdirde, ceza infaz kurumu m\u00fcd\u00fcr\u00fcn\u00fcn uygun g\u00f6rece\u011fi yerde yapt\u0131r\u0131lacakt\u0131r.<\/p>\n\n\n\n<p class=\"wp-block-paragraph\">6. A\u00e7\u0131k g\u00f6r\u00fc\u015fler, yeti\u015fkin ve gen\u00e7 h\u00fck\u00fcml\u00fc, h\u00fck\u00fcm\u00f6zl\u00fc ve tutuklular i\u00e7in g\u00f6r\u00fc\u015f s\u00fcresi yar\u0131m saatten az ve bir bu\u00e7uk saatten fazla, \u00e7ocuk h\u00fck\u00fcml\u00fc, h\u00fck\u00fcm\u00f6zl\u00fc ve tutuklular i\u00e7in ise bir saatten az ve \u00fc\u00e7 saatten fazla olmamak kayd\u0131yla 09.00-17.00 saatleri aras\u0131nda yapt\u0131r\u0131lacakt\u0131r. Ziyaret s\u00fcresi, g\u00f6r\u00fc\u015fmenin fiilen ba\u015flad\u0131\u011f\u0131 andan itibaren i\u015fleyecektir.<\/p>\n\n\n\n<p class=\"wp-block-paragraph\">7. Bu ziyaretlerin, ayn\u0131 haftada yap\u0131lmas\u0131 gereken ve \u00f6nceden belirlenen kapal\u0131 g\u00f6r\u00fc\u015f ile \u00e7ak\u0131\u015fmas\u0131 halinde, h\u00fck\u00fcml\u00fc ve tutuklular\u0131n yaz\u0131l\u0131 talebine g\u00f6re kapal\u0131 g\u00f6r\u00fc\u015f veya H\u00fck\u00fcml\u00fc ve Tutuklular\u0131n Ziyaret Edilmeleri Hakk\u0131nda Y\u00f6netmelik&#8217;in 15 inci maddesi uyar\u0131nca&nbsp;<strong>D\u00fcnya Kad\u0131nlar G\u00fcn\u00fc&nbsp;<\/strong>m\u00fcnasebetiyle verilen a\u00e7\u0131k g\u00f6r\u00fc\u015f yapt\u0131r\u0131lacakt\u0131r.<\/p>\n\n\n\n<p class=\"wp-block-paragraph\">8. Belirtilen g\u00fcn ve saatler d\u0131\u015f\u0131nda g\u00f6r\u00fc\u015f yapt\u0131r\u0131lmayacak; bir defa g\u00f6r\u00fc\u015f yapan h\u00fck\u00fcml\u00fc ve tutuklular ile ziyaret\u00e7ilere, herhangi bir nedenle ikinci defa izin verilmeyecektir.<\/p>\n\n\n\n<p class=\"wp-block-paragraph\">9. Kamuoyunda yanl\u0131\u015f anla\u015f\u0131lma, tart\u0131\u015fma ve polemiklere neden olabilece\u011finden kapal\u0131 ceza infaz kurumlar\u0131nda a\u00e7\u0131k g\u00f6r\u00fc\u015f\u00fc izlemek, r\u00f6portaj yapmak, g\u00f6r\u00fcnt\u00fclemek veya foto\u011fraf \u00e7ekmek \u00fczere ba\u015fvuruda bulunan yaz\u0131l\u0131 ve g\u00f6rsel bas\u0131n kurulu\u015flar\u0131 ile mensuplar\u0131na izin verilmeyecektir.<\/p>\n","protected":false},"excerpt":{"rendered":"<p>H\u00fck\u00fcml\u00fc ve Tutuklular\u0131n Ziyaret Edilmeleri Hakk\u0131nda Y\u00f6netmelik&#8217;in \u0130kinci B\u00f6l\u00fcm \u201cBayramlarda ve \u00d6zel G\u00fcnlerde A\u00e7\u0131k G\u00f6r\u00fc\u015f\u201d alt ba\u015fl\u0131kl\u0131 15. maddesi gere\u011fince, Adalet Bakan\u0131 Say\u0131n Y\u0131lmaz Tun\u00e7&#8217;un olurlar\u0131yla, kapal\u0131 ceza infaz kurumlar\u0131nda bulunan kad\u0131n h\u00fck\u00fcml\u00fc ve tutuklulara 8 Mart D\u00fcnya Kad\u0131nlar G\u00fcn\u00fc m\u00fcnasebetiyle a\u015fa\u011f\u0131daki esaslar \u00e7er\u00e7evesinde ve belirtilen g\u00fcnde a\u00e7\u0131k g\u00f6r\u00fc\u015f yapt\u0131r\u0131lacakt\u0131r. A- A\u00c7IK G\u00d6R\u00dc\u015eTEN YARARLANACAK OLANLAR [&hellip;]<\/p>\n","protected":false},"author":1,"featured_media":1917,"comment_status":"open","ping_status":"open","sticky":false,"template":"","format":"standard","meta":{"site-sidebar-layout":"default","site-content-layout":"","ast-site-content-layout":"default","site-content-style":"default","site-sidebar-style":"default","ast-global-header-display":"","ast-banner-title-visibility":"","ast-main-header-display":"","ast-hfb-above-header-display":"","ast-hfb-below-header-display":"","ast-hfb-mobile-header-display":"","site-post-title":"","ast-breadcrumbs-content":"","ast-featured-img":"","footer-sml-layout":"","ast-disable-related-posts":"","theme-transparent-header-meta":"","adv-header-id-meta":"","stick-header-meta":"","header-above-stick-meta":"","header-main-stick-meta":"","header-below-stick-meta":"","astra-migrate-meta-layouts":"set","ast-page-background-enabled":"default","ast-page-background-meta":{"desktop":{"background-color":"","background-image":"","background-repeat":"repeat","background-position":"center center","background-size":"auto","background-attachment":"scroll","background-type":"","background-media":"","overlay-type":"","overlay-color":"","overlay-opacity":"","overlay-gradient":""},"tablet":{"background-color":"","background-image":"","background-repeat":"repeat","background-position":"center center","background-size":"auto","background-attachment":"scroll","background-type":"","background-media":"","overlay-type":"","overlay-color":"","overlay-opacity":"","overlay-gradient":""},"mobile":{"background-color":"","background-image":"","background-repeat":"repeat","background-position":"center center","background-size":"auto","background-attachment":"scroll","background-type":"","background-media":"","overlay-type":"","overlay-color":"","overlay-opacity":"","overlay-gradient":""}},"ast-content-background-meta":{"desktop":{"background-color":"var(--ast-global-color-5)","background-image":"","background-repeat":"repeat","background-position":"center center","background-size":"auto","background-attachment":"scroll","background-type":"","background-media":"","overlay-type":"","overlay-color":"","overlay-opacity":"","overlay-gradient":""},"tablet":{"background-color":"var(--ast-global-color-5)","background-image":"","background-repeat":"repeat","background-position":"center center","background-size":"auto","background-attachment":"scroll","background-type":"","background-media":"","overlay-type":"","overlay-color":"","overlay-opacity":"","overlay-gradient":""},"mobile":{"background-color":"var(--ast-global-color-5)","background-image":"","background-repeat":"repeat","background-position":"center center","background-size":"auto","background-attachment":"scroll","background-type":"","background-media":"","overlay-type":"","overlay-color":"","overlay-opacity":"","overlay-gradient":""}},"footnotes":""},"categories":[35],"tags":[],"class_list":["post-1916","post","type-post","status-publish","format-standard","has-post-thumbnail","hentry","category-duyurular"],"_links":{"self":[{"href":"https:\/\/dijikartvizit.com.tr\/ctetest\/wp-json\/wp\/v2\/posts\/1916","targetHints":{"allow":["GET"]}}],"collection":[{"href":"https:\/\/dijikartvizit.com.tr\/ctetest\/wp-json\/wp\/v2\/posts"}],"about":[{"href":"https:\/\/dijikartvizit.com.tr\/ctetest\/wp-json\/wp\/v2\/types\/post"}],"author":[{"embeddable":true,"href":"https:\/\/dijikartvizit.com.tr\/ctetest\/wp-json\/wp\/v2\/users\/1"}],"replies":[{"embeddable":true,"href":"https:\/\/dijikartvizit.com.tr\/ctetest\/wp-json\/wp\/v2\/comments?post=1916"}],"version-history":[{"count":1,"href":"https:\/\/dijikartvizit.com.tr\/ctetest\/wp-json\/wp\/v2\/posts\/1916\/revisions"}],"predecessor-version":[{"id":1918,"href":"https:\/\/dijikartvizit.com.tr\/ctetest\/wp-json\/wp\/v2\/posts\/1916\/revisions\/1918"}],"wp:featuredmedia":[{"embeddable":true,"href":"https:\/\/dijikartvizit.com.tr\/ctetest\/wp-json\/wp\/v2\/media\/1917"}],"wp:attachment":[{"href":"https:\/\/dijikartvizit.com.tr\/ctetest\/wp-json\/wp\/v2\/media?parent=1916"}],"wp:term":[{"taxonomy":"category","embeddable":true,"href":"https:\/\/dijikartvizit.com.tr\/ctetest\/wp-json\/wp\/v2\/categories?post=1916"},{"taxonomy":"post_tag","embeddable":true,"href":"https:\/\/dijikartvizit.com.tr\/ctetest\/wp-json\/wp\/v2\/tags?post=1916"}],"curies":[{"name":"wp","href":"https:\/\/api.w.org\/{rel}","templated":true}]}}